{"id":1200,"date":"2019-06-17T15:10:24","date_gmt":"2019-06-17T15:10:24","guid":{"rendered":"https:\/\/lluernarestaurant.com\/quintilla-mante-lestrella-i-suma-el-verat-com-a-bib-gourmand-michelin\/"},"modified":"2019-06-17T15:10:24","modified_gmt":"2019-06-17T15:10:24","slug":"quintilla-mante-lestrella-i-suma-el-verat-com-a-bib-gourmand-michelin","status":"publish","type":"post","link":"https:\/\/lluernarestaurant.com\/es\/quintilla-mante-lestrella-i-suma-el-verat-com-a-bib-gourmand-michelin\/","title":{"rendered":"QUINTILL\u00c0 MANT\u00c9 L\u2019ESTRELLA I SUMA EL VERAT COM A BIB GOURMAND MICHELIN"},"content":{"rendered":"<p>La Guia Michelin amb els millors restaurants ja est\u00e0 al dia i, una vegada m\u00e9s, ha reconegut V\u00edctor Quintill\u00e0 com un dels millors, mantenint l\u2019estrella en el seu restaurant, Tamb\u00e9 ha reconegut el Verat, obert fa poc, just al costat de la Lluerna amb el premi Bib Gourmand Michelin. El restaurant Lluerna renova any rere any la seva merescuda estrella Michelin.<\/p>\n","protected":false},"excerpt":{"rendered":"<p>La Guia Michelin amb els millors restaurants ja est\u00e0 al dia i, una vegada m\u00e9s, ha reconegut V\u00edctor Quintill\u00e0 com un dels millors, mantenint l\u2019estrella en el seu restaurant, Tamb\u00e9 ha reconegut el Verat, obert fa poc, just al costat de la Lluerna amb el premi Bib Gourmand Michelin. El restaurant Lluerna renova any rere [&hellip;]<\/p>\n","protected":false},"author":2,"featured_media":1034,"comment_status":"closed","ping_status":"open","sticky":false,"template":"","format":"standard","meta":{"footnotes":""},"categories":[36],"tags":[],"class_list":["post-1200","post","type-post","status-publish","format-standard","has-post-thumbnail","hentry","category-reconeixements-es"],"yoast_head":"<!-- This site is optimized with the Yoast SEO plugin v27.4 - https:\/\/yoast.com\/product\/yoast-seo-wordpress\/ -->\n<title>QUINTILL\u00c0 MANT\u00c9 L\u2019ESTRELLA I SUMA EL VERAT COM A BIB GOURMAND MICHELIN - Lluerna restaurant<\/title>\n<meta name=\"robots\" content=\"index, follow, max-snippet:-1, max-image-preview:large, max-video-preview:-1\" \/>\n<link rel=\"canonical\" href=\"https:\/\/lluernarestaurant.com\/es\/quintilla-mante-lestrella-i-suma-el-verat-com-a-bib-gourmand-michelin\/\" \/>\n<meta property=\"og:locale\" content=\"es_ES\" \/>\n<meta property=\"og:type\" content=\"article\" \/>\n<meta property=\"og:title\" content=\"QUINTILL\u00c0 MANT\u00c9 L\u2019ESTRELLA I SUMA EL VERAT COM A BIB GOURMAND MICHELIN - Lluerna restaurant\" \/>\n<meta property=\"og:description\" content=\"La Guia Michelin amb els millors restaurants ja est\u00e0 al dia i, una vegada m\u00e9s, ha reconegut V\u00edctor Quintill\u00e0 com un dels millors, mantenint l\u2019estrella en el seu restaurant, Tamb\u00e9 ha reconegut el Verat, obert fa poc, just al costat de la Lluerna amb el premi Bib Gourmand Michelin. El restaurant Lluerna renova any rere [&hellip;]\" \/>\n<meta property=\"og:url\" content=\"https:\/\/lluernarestaurant.com\/es\/quintilla-mante-lestrella-i-suma-el-verat-com-a-bib-gourmand-michelin\/\" \/>\n<meta property=\"og:site_name\" content=\"Lluerna restaurant\" \/>\n<meta property=\"article:published_time\" content=\"2019-06-17T15:10:24+00:00\" \/>\n<meta property=\"og:image\" content=\"https:\/\/lluernarestaurant.com\/wp-content\/uploads\/2018\/12\/lluerna-BibGourmand.jpg\" \/>\n\t<meta property=\"og:image:width\" content=\"2048\" \/>\n\t<meta property=\"og:image:height\" content=\"999\" \/>\n\t<meta property=\"og:image:type\" content=\"image\/jpeg\" \/>\n<meta name=\"author\" content=\"Lluerna\" \/>\n<meta name=\"twitter:card\" content=\"summary_large_image\" \/>\n<meta name=\"twitter:label1\" content=\"Escrito por\" \/>\n\t<meta name=\"twitter:data1\" content=\"Lluerna\" \/>\n<script type=\"application\/ld+json\" class=\"yoast-schema-graph\">{\"@context\":\"https:\\\/\\\/schema.org\",\"@graph\":[{\"@type\":\"Article\",\"@id\":\"https:\\\/\\\/lluernarestaurant.com\\\/es\\\/quintilla-mante-lestrella-i-suma-el-verat-com-a-bib-gourmand-michelin\\\/#article\",\"isPartOf\":{\"@id\":\"https:\\\/\\\/lluernarestaurant.com\\\/es\\\/quintilla-mante-lestrella-i-suma-el-verat-com-a-bib-gourmand-michelin\\\/\"},\"author\":{\"name\":\"Lluerna\",\"@id\":\"https:\\\/\\\/lluernarestaurant.com\\\/en\\\/#\\\/schema\\\/person\\\/3b3a2529275a042954739427e8949c69\"},\"headline\":\"QUINTILL\u00c0 MANT\u00c9 L\u2019ESTRELLA I SUMA EL VERAT COM A BIB GOURMAND MICHELIN\",\"datePublished\":\"2019-06-17T15:10:24+00:00\",\"mainEntityOfPage\":{\"@id\":\"https:\\\/\\\/lluernarestaurant.com\\\/es\\\/quintilla-mante-lestrella-i-suma-el-verat-com-a-bib-gourmand-michelin\\\/\"},\"wordCount\":77,\"image\":{\"@id\":\"https:\\\/\\\/lluernarestaurant.com\\\/es\\\/quintilla-mante-lestrella-i-suma-el-verat-com-a-bib-gourmand-michelin\\\/#primaryimage\"},\"thumbnailUrl\":\"https:\\\/\\\/lluernarestaurant.com\\\/wp-content\\\/uploads\\\/2018\\\/12\\\/lluerna-BibGourmand.jpg\",\"articleSection\":[\"Reconeixements\"],\"inLanguage\":\"es\"},{\"@type\":\"WebPage\",\"@id\":\"https:\\\/\\\/lluernarestaurant.com\\\/es\\\/quintilla-mante-lestrella-i-suma-el-verat-com-a-bib-gourmand-michelin\\\/\",\"url\":\"https:\\\/\\\/lluernarestaurant.com\\\/es\\\/quintilla-mante-lestrella-i-suma-el-verat-com-a-bib-gourmand-michelin\\\/\",\"name\":\"QUINTILL\u00c0 MANT\u00c9 L\u2019ESTRELLA I SUMA EL VERAT COM A BIB GOURMAND MICHELIN - Lluerna restaurant\",\"isPartOf\":{\"@id\":\"https:\\\/\\\/lluernarestaurant.com\\\/en\\\/#website\"},\"primaryImageOfPage\":{\"@id\":\"https:\\\/\\\/lluernarestaurant.com\\\/es\\\/quintilla-mante-lestrella-i-suma-el-verat-com-a-bib-gourmand-michelin\\\/#primaryimage\"},\"image\":{\"@id\":\"https:\\\/\\\/lluernarestaurant.com\\\/es\\\/quintilla-mante-lestrella-i-suma-el-verat-com-a-bib-gourmand-michelin\\\/#primaryimage\"},\"thumbnailUrl\":\"https:\\\/\\\/lluernarestaurant.com\\\/wp-content\\\/uploads\\\/2018\\\/12\\\/lluerna-BibGourmand.jpg\",\"datePublished\":\"2019-06-17T15:10:24+00:00\",\"author\":{\"@id\":\"https:\\\/\\\/lluernarestaurant.com\\\/en\\\/#\\\/schema\\\/person\\\/3b3a2529275a042954739427e8949c69\"},\"breadcrumb\":{\"@id\":\"https:\\\/\\\/lluernarestaurant.com\\\/es\\\/quintilla-mante-lestrella-i-suma-el-verat-com-a-bib-gourmand-michelin\\\/#breadcrumb\"},\"inLanguage\":\"es\",\"potentialAction\":[{\"@type\":\"ReadAction\",\"target\":[\"https:\\\/\\\/lluernarestaurant.com\\\/es\\\/quintilla-mante-lestrella-i-suma-el-verat-com-a-bib-gourmand-michelin\\\/\"]}]},{\"@type\":\"ImageObject\",\"inLanguage\":\"es\",\"@id\":\"https:\\\/\\\/lluernarestaurant.com\\\/es\\\/quintilla-mante-lestrella-i-suma-el-verat-com-a-bib-gourmand-michelin\\\/#primaryimage\",\"url\":\"https:\\\/\\\/lluernarestaurant.com\\\/wp-content\\\/uploads\\\/2018\\\/12\\\/lluerna-BibGourmand.jpg\",\"contentUrl\":\"https:\\\/\\\/lluernarestaurant.com\\\/wp-content\\\/uploads\\\/2018\\\/12\\\/lluerna-BibGourmand.jpg\",\"width\":2048,\"height\":999},{\"@type\":\"BreadcrumbList\",\"@id\":\"https:\\\/\\\/lluernarestaurant.com\\\/es\\\/quintilla-mante-lestrella-i-suma-el-verat-com-a-bib-gourmand-michelin\\\/#breadcrumb\",\"itemListElement\":[{\"@type\":\"ListItem\",\"position\":1,\"name\":\"Inici\",\"item\":\"https:\\\/\\\/lluernarestaurant.com\\\/es\\\/inicio\\\/\"},{\"@type\":\"ListItem\",\"position\":2,\"name\":\"QUINTILL\u00c0 MANT\u00c9 L\u2019ESTRELLA I SUMA EL VERAT COM A BIB GOURMAND MICHELIN\"}]},{\"@type\":\"WebSite\",\"@id\":\"https:\\\/\\\/lluernarestaurant.com\\\/en\\\/#website\",\"url\":\"https:\\\/\\\/lluernarestaurant.com\\\/en\\\/\",\"name\":\"Lluerna restaurant\",\"description\":\"\",\"potentialAction\":[{\"@type\":\"SearchAction\",\"target\":{\"@type\":\"EntryPoint\",\"urlTemplate\":\"https:\\\/\\\/lluernarestaurant.com\\\/en\\\/?s={search_term_string}\"},\"query-input\":{\"@type\":\"PropertyValueSpecification\",\"valueRequired\":true,\"valueName\":\"search_term_string\"}}],\"inLanguage\":\"es\"},{\"@type\":\"Person\",\"@id\":\"https:\\\/\\\/lluernarestaurant.com\\\/en\\\/#\\\/schema\\\/person\\\/3b3a2529275a042954739427e8949c69\",\"name\":\"Lluerna\",\"image\":{\"@type\":\"ImageObject\",\"inLanguage\":\"es\",\"@id\":\"https:\\\/\\\/secure.gravatar.com\\\/avatar\\\/ee5e7e89f71d394f660a16a8b7f5a49b26ade1483be6a5e4a61a51c1ecdc7997?s=96&d=mm&r=g\",\"url\":\"https:\\\/\\\/secure.gravatar.com\\\/avatar\\\/ee5e7e89f71d394f660a16a8b7f5a49b26ade1483be6a5e4a61a51c1ecdc7997?s=96&d=mm&r=g\",\"contentUrl\":\"https:\\\/\\\/secure.gravatar.com\\\/avatar\\\/ee5e7e89f71d394f660a16a8b7f5a49b26ade1483be6a5e4a61a51c1ecdc7997?s=96&d=mm&r=g\",\"caption\":\"Lluerna\"},\"url\":\"https:\\\/\\\/lluernarestaurant.com\\\/es\\\/author\\\/lluerna\\\/\"}]}<\/script>\n<!-- \/ Yoast SEO plugin. -->","yoast_head_json":{"title":"QUINTILL\u00c0 MANT\u00c9 L\u2019ESTRELLA I SUMA EL VERAT COM A BIB GOURMAND MICHELIN - Lluerna restaurant","robots":{"index":"index","follow":"follow","max-snippet":"max-snippet:-1","max-image-preview":"max-image-preview:large","max-video-preview":"max-video-preview:-1"},"canonical":"https:\/\/lluernarestaurant.com\/es\/quintilla-mante-lestrella-i-suma-el-verat-com-a-bib-gourmand-michelin\/","og_locale":"es_ES","og_type":"article","og_title":"QUINTILL\u00c0 MANT\u00c9 L\u2019ESTRELLA I SUMA EL VERAT COM A BIB GOURMAND MICHELIN - Lluerna restaurant","og_description":"La Guia Michelin amb els millors restaurants ja est\u00e0 al dia i, una vegada m\u00e9s, ha reconegut V\u00edctor Quintill\u00e0 com un dels millors, mantenint l\u2019estrella en el seu restaurant, Tamb\u00e9 ha reconegut el Verat, obert fa poc, just al costat de la Lluerna amb el premi Bib Gourmand Michelin. El restaurant Lluerna renova any rere [&hellip;]","og_url":"https:\/\/lluernarestaurant.com\/es\/quintilla-mante-lestrella-i-suma-el-verat-com-a-bib-gourmand-michelin\/","og_site_name":"Lluerna restaurant","article_published_time":"2019-06-17T15:10:24+00:00","og_image":[{"width":2048,"height":999,"url":"https:\/\/lluernarestaurant.com\/wp-content\/uploads\/2018\/12\/lluerna-BibGourmand.jpg","type":"image\/jpeg"}],"author":"Lluerna","twitter_card":"summary_large_image","twitter_misc":{"Escrito por":"Lluerna"},"schema":{"@context":"https:\/\/schema.org","@graph":[{"@type":"Article","@id":"https:\/\/lluernarestaurant.com\/es\/quintilla-mante-lestrella-i-suma-el-verat-com-a-bib-gourmand-michelin\/#article","isPartOf":{"@id":"https:\/\/lluernarestaurant.com\/es\/quintilla-mante-lestrella-i-suma-el-verat-com-a-bib-gourmand-michelin\/"},"author":{"name":"Lluerna","@id":"https:\/\/lluernarestaurant.com\/en\/#\/schema\/person\/3b3a2529275a042954739427e8949c69"},"headline":"QUINTILL\u00c0 MANT\u00c9 L\u2019ESTRELLA I SUMA EL VERAT COM A BIB GOURMAND MICHELIN","datePublished":"2019-06-17T15:10:24+00:00","mainEntityOfPage":{"@id":"https:\/\/lluernarestaurant.com\/es\/quintilla-mante-lestrella-i-suma-el-verat-com-a-bib-gourmand-michelin\/"},"wordCount":77,"image":{"@id":"https:\/\/lluernarestaurant.com\/es\/quintilla-mante-lestrella-i-suma-el-verat-com-a-bib-gourmand-michelin\/#primaryimage"},"thumbnailUrl":"https:\/\/lluernarestaurant.com\/wp-content\/uploads\/2018\/12\/lluerna-BibGourmand.jpg","articleSection":["Reconeixements"],"inLanguage":"es"},{"@type":"WebPage","@id":"https:\/\/lluernarestaurant.com\/es\/quintilla-mante-lestrella-i-suma-el-verat-com-a-bib-gourmand-michelin\/","url":"https:\/\/lluernarestaurant.com\/es\/quintilla-mante-lestrella-i-suma-el-verat-com-a-bib-gourmand-michelin\/","name":"QUINTILL\u00c0 MANT\u00c9 L\u2019ESTRELLA I SUMA EL VERAT COM A BIB GOURMAND MICHELIN - Lluerna restaurant","isPartOf":{"@id":"https:\/\/lluernarestaurant.com\/en\/#website"},"primaryImageOfPage":{"@id":"https:\/\/lluernarestaurant.com\/es\/quintilla-mante-lestrella-i-suma-el-verat-com-a-bib-gourmand-michelin\/#primaryimage"},"image":{"@id":"https:\/\/lluernarestaurant.com\/es\/quintilla-mante-lestrella-i-suma-el-verat-com-a-bib-gourmand-michelin\/#primaryimage"},"thumbnailUrl":"https:\/\/lluernarestaurant.com\/wp-content\/uploads\/2018\/12\/lluerna-BibGourmand.jpg","datePublished":"2019-06-17T15:10:24+00:00","author":{"@id":"https:\/\/lluernarestaurant.com\/en\/#\/schema\/person\/3b3a2529275a042954739427e8949c69"},"breadcrumb":{"@id":"https:\/\/lluernarestaurant.com\/es\/quintilla-mante-lestrella-i-suma-el-verat-com-a-bib-gourmand-michelin\/#breadcrumb"},"inLanguage":"es","potentialAction":[{"@type":"ReadAction","target":["https:\/\/lluernarestaurant.com\/es\/quintilla-mante-lestrella-i-suma-el-verat-com-a-bib-gourmand-michelin\/"]}]},{"@type":"ImageObject","inLanguage":"es","@id":"https:\/\/lluernarestaurant.com\/es\/quintilla-mante-lestrella-i-suma-el-verat-com-a-bib-gourmand-michelin\/#primaryimage","url":"https:\/\/lluernarestaurant.com\/wp-content\/uploads\/2018\/12\/lluerna-BibGourmand.jpg","contentUrl":"https:\/\/lluernarestaurant.com\/wp-content\/uploads\/2018\/12\/lluerna-BibGourmand.jpg","width":2048,"height":999},{"@type":"BreadcrumbList","@id":"https:\/\/lluernarestaurant.com\/es\/quintilla-mante-lestrella-i-suma-el-verat-com-a-bib-gourmand-michelin\/#breadcrumb","itemListElement":[{"@type":"ListItem","position":1,"name":"Inici","item":"https:\/\/lluernarestaurant.com\/es\/inicio\/"},{"@type":"ListItem","position":2,"name":"QUINTILL\u00c0 MANT\u00c9 L\u2019ESTRELLA I SUMA EL VERAT COM A BIB GOURMAND MICHELIN"}]},{"@type":"WebSite","@id":"https:\/\/lluernarestaurant.com\/en\/#website","url":"https:\/\/lluernarestaurant.com\/en\/","name":"Lluerna restaurant","description":"","potentialAction":[{"@type":"SearchAction","target":{"@type":"EntryPoint","urlTemplate":"https:\/\/lluernarestaurant.com\/en\/?s={search_term_string}"},"query-input":{"@type":"PropertyValueSpecification","valueRequired":true,"valueName":"search_term_string"}}],"inLanguage":"es"},{"@type":"Person","@id":"https:\/\/lluernarestaurant.com\/en\/#\/schema\/person\/3b3a2529275a042954739427e8949c69","name":"Lluerna","image":{"@type":"ImageObject","inLanguage":"es","@id":"https:\/\/secure.gravatar.com\/avatar\/ee5e7e89f71d394f660a16a8b7f5a49b26ade1483be6a5e4a61a51c1ecdc7997?s=96&d=mm&r=g","url":"https:\/\/secure.gravatar.com\/avatar\/ee5e7e89f71d394f660a16a8b7f5a49b26ade1483be6a5e4a61a51c1ecdc7997?s=96&d=mm&r=g","contentUrl":"https:\/\/secure.gravatar.com\/avatar\/ee5e7e89f71d394f660a16a8b7f5a49b26ade1483be6a5e4a61a51c1ecdc7997?s=96&d=mm&r=g","caption":"Lluerna"},"url":"https:\/\/lluernarestaurant.com\/es\/author\/lluerna\/"}]}},"_links":{"self":[{"href":"https:\/\/lluernarestaurant.com\/es\/wp-json\/wp\/v2\/posts\/1200","targetHints":{"allow":["GET"]}}],"collection":[{"href":"https:\/\/lluernarestaurant.com\/es\/wp-json\/wp\/v2\/posts"}],"about":[{"href":"https:\/\/lluernarestaurant.com\/es\/wp-json\/wp\/v2\/types\/post"}],"author":[{"embeddable":true,"href":"https:\/\/lluernarestaurant.com\/es\/wp-json\/wp\/v2\/users\/2"}],"replies":[{"embeddable":true,"href":"https:\/\/lluernarestaurant.com\/es\/wp-json\/wp\/v2\/comments?post=1200"}],"version-history":[{"count":0,"href":"https:\/\/lluernarestaurant.com\/es\/wp-json\/wp\/v2\/posts\/1200\/revisions"}],"wp:featuredmedia":[{"embeddable":true,"href":"https:\/\/lluernarestaurant.com\/es\/wp-json\/wp\/v2\/media\/1034"}],"wp:attachment":[{"href":"https:\/\/lluernarestaurant.com\/es\/wp-json\/wp\/v2\/media?parent=1200"}],"wp:term":[{"taxonomy":"category","embeddable":true,"href":"https:\/\/lluernarestaurant.com\/es\/wp-json\/wp\/v2\/categories?post=1200"},{"taxonomy":"post_tag","embeddable":true,"href":"https:\/\/lluernarestaurant.com\/es\/wp-json\/wp\/v2\/tags?post=1200"}],"curies":[{"name":"wp","href":"https:\/\/api.w.org\/{rel}","templated":true}]}}